{"id":988816,"date":"2025-04-11T22:10:05","date_gmt":"2025-04-11T22:10:05","guid":{"rendered":"https:\/\/hgc.gov.ao\/?p=988816"},"modified":"2025-04-11T22:10:05","modified_gmt":"2025-04-11T22:10:05","slug":"unidos-pelo-futuro-hospital-geral-dos-cajueiros-adapta-novos-padroes-de-gestao-administrativa-para-2025","status":"publish","type":"post","link":"https:\/\/hgc.gov.ao\/?p=988816","title":{"rendered":"&#8220;Unidos pelo Futuro: Hospital Geral dos Cajueiros Adapta Novos Padr\u00f5es de Gest\u00e3o Administrativa para 2025&#8221;"},"content":{"rendered":"<div class=\"vgblk-rw-wrapper limit-wrapper\">\n<h4 class=\"wp-block-heading\">Introspec\u00e7\u00e3o e planeamento estrat\u00e9gico, sob a lideran\u00e7a do Director Administrativo, Neves Barroso, deram ar \u00e0 reuni\u00e3o do Conselho Administrativo do Hospital Geral dos Cajueiros, com um objectivo claro: preparar o caminho para um 2025 ainda mais eficiente e bem organizado. <\/h4>\n\n\n\n<p>Com a presen\u00e7a de lideran\u00e7as de diversos departamentos, a reuni\u00e3o teve como foco a apresenta\u00e7\u00e3o e correc\u00e7\u00e3o do Relat\u00f3rio Anual Preliminar das Actividades Administrativas e do Plano Estrat\u00e9gico de cada departamento administrativo. O encontro foi tamb\u00e9m um espa\u00e7o para discutir ac\u00e7\u00f5es formativas e eventos essenciais para fortalecer os processos internos e garantir um atendimento de qualidade \u00e0 popula\u00e7\u00e3o.<\/p>\n\n\n\n<figure class=\"wp-block-gallery has-nested-images columns-default is-cropped wp-block-gallery-1 is-layout-flex wp-block-gallery-is-layout-flex\">\n<figure class=\"wp-block-image size-large\"><img decoding=\"async\" loading=\"lazy\" width=\"5616\" height=\"3744\" data-id=\"988818\" src=\"https:\/\/hgc.gov.ao\/wp-content\/uploads\/2025\/04\/c01.jpg\" alt=\"\" class=\"wp-image-988818\"\/><\/figure>\n\n\n\n<figure class=\"wp-block-image size-large\"><img decoding=\"async\" loading=\"lazy\" width=\"5616\" height=\"3744\" data-id=\"988819\" src=\"https:\/\/hgc.gov.ao\/wp-content\/uploads\/2025\/04\/f01.jpg\" alt=\"\" class=\"wp-image-988819\"\/><\/figure>\n<\/figure>\n<\/div><!-- .vgblk-rw-wrapper -->","protected":false},"excerpt":{"rendered":"<p>Introspec\u00e7\u00e3o e planeamento estrat\u00e9gico, sob a lideran\u00e7a do Director Administrativo,  Neves Barroso, deram ar \u00e0 reuni\u00e3o do Conselho Administrativo do Hospital Geral dos Cajueiros, com um objectivo claro: preparar o caminho para um 2025 ainda mais eficiente e bem organizado.<\/p>\n","protected":false},"author":1,"featured_media":988817,"comment_status":"open","ping_status":"open","sticky":false,"template":"","format":"standard","meta":{"footnotes":""},"categories":[38],"tags":[],"_links":{"self":[{"href":"https:\/\/hgc.gov.ao\/index.php?rest_route=\/wp\/v2\/posts\/988816"}],"collection":[{"href":"https:\/\/hgc.gov.ao\/index.php?rest_route=\/wp\/v2\/posts"}],"about":[{"href":"https:\/\/hgc.gov.ao\/index.php?rest_route=\/wp\/v2\/types\/post"}],"author":[{"embeddable":true,"href":"https:\/\/hgc.gov.ao\/index.php?rest_route=\/wp\/v2\/users\/1"}],"replies":[{"embeddable":true,"href":"https:\/\/hgc.gov.ao\/index.php?rest_route=%2Fwp%2Fv2%2Fcomments&post=988816"}],"version-history":[{"count":1,"href":"https:\/\/hgc.gov.ao\/index.php?rest_route=\/wp\/v2\/posts\/988816\/revisions"}],"predecessor-version":[{"id":988820,"href":"https:\/\/hgc.gov.ao\/index.php?rest_route=\/wp\/v2\/posts\/988816\/revisions\/988820"}],"wp:featuredmedia":[{"embeddable":true,"href":"https:\/\/hgc.gov.ao\/index.php?rest_route=\/wp\/v2\/media\/988817"}],"wp:attachment":[{"href":"https:\/\/hgc.gov.ao\/index.php?rest_route=%2Fwp%2Fv2%2Fmedia&parent=988816"}],"wp:term":[{"taxonomy":"category","embeddable":true,"href":"https:\/\/hgc.gov.ao\/index.php?rest_route=%2Fwp%2Fv2%2Fcategories&post=988816"},{"taxonomy":"post_tag","embeddable":true,"href":"https:\/\/hgc.gov.ao\/index.php?rest_route=%2Fwp%2Fv2%2Ftags&post=988816"}],"curies":[{"name":"wp","href":"https:\/\/api.w.org\/{rel}","templated":true}]}}